{"id":4113,"date":"2025-05-05T15:10:05","date_gmt":"2025-05-05T13:10:05","guid":{"rendered":"https:\/\/www.almadarig.com\/eventi-news\/fete-du-couscous-a-san-vito-lo-capo\/"},"modified":"2025-05-13T09:26:14","modified_gmt":"2025-05-13T07:26:14","slug":"fete-du-couscous-a-san-vito-lo-capo","status":"publish","type":"eventi-news","link":"https:\/\/www.almadarig.com\/fr\/eventi-news\/fete-du-couscous-a-san-vito-lo-capo\/","title":{"rendered":"F\u00eate du couscous \u00e0 San Vito Lo Capo"},"content":{"rendered":"\t\t<div data-elementor-type=\"wp-post\" data-elementor-id=\"4113\" class=\"elementor elementor-4113 elementor-3656\" data-elementor-post-type=\"eventi-news\">\n\t\t\t\t<div class=\"elementor-element elementor-element-56e86547 e-flex e-con-boxed e-con e-parent\" data-id=\"56e86547\" data-element_type=\"container\" data-e-type=\"container\">\n\t\t\t\t\t<div class=\"e-con-inner\">\n\t\t\t\t<div class=\"elementor-element elementor-element-419db840 elementor-widget elementor-widget-text-editor\" data-id=\"419db840\" data-element_type=\"widget\" data-e-type=\"widget\" data-widget_type=\"text-editor.default\">\n\t\t\t\t<div class=\"elementor-widget-container\">\n\t\t\t\t\t\t\t\t\t<p>Le Cous Cous Fest, Festival international de l&rsquo;int\u00e9gration culturelle<br \/>est un festival de cultures, de saveurs et de civilisations qui c\u00e9l\u00e8bre le couscous en tant que plat de paix.<br \/>plat de la paix.<\/p>\n<p>Le protagoniste de l&rsquo;\u00e9v\u00e9nement est le couscous, plat du pauvre par excellence, mais capable de r\u00e9unir, dans cette petite ville du nord-ouest de la Sicile, des chefs du monde entier sous le signe de l&rsquo;int\u00e9gration et de l&rsquo;\u00e9change.<\/p>\n<p>Dix jours \u00e0 vivre au milieu de comp\u00e9titions gastronomiques passionnantes, de d\u00e9gustations de couscous, d&rsquo;\u00e9missions culinaires de chefs \u00e9toil\u00e9s, de cours de cuisine pour adultes et enfants, de concerts de grands artistes italiens et internationaux, de talk-shows et de moments d&rsquo;analyse approfondie.<\/p>\n<p>Tout cela dans le cadre splendide de San Vito lo Capo qui, avec son climat chaud, sa mer cristalline et la beaut\u00e9 de ses plages, r\u00e9compens\u00e9es chaque ann\u00e9e par des prix importants, est l&rsquo;endroit id\u00e9al pour prolonger un peu la d\u00e9tente agr\u00e9able des vacances d&rsquo;\u00e9t\u00e9.<\/p>\n<p>R\u00e9servez vos vacances \u00e0 Castellammare del Golfo, \u00e0 seulement 45 minutes de San Vito Lo Capo !<\/p>\n\t\t\t\t\t\t\t\t<\/div>\n\t\t\t\t<\/div>\n\t\t\t\t\t<\/div>\n\t\t\t\t<\/div>\n\t\t\t\t<\/div>\n\t\t","protected":false},"featured_media":3659,"template":"","meta":{"_acf_changed":false},"class_list":["post-4113","eventi-news","type-eventi-news","status-publish","has-post-thumbnail","hentry"],"acf":[],"_links":{"self":[{"href":"https:\/\/www.almadarig.com\/fr\/wp-json\/wp\/v2\/eventi-news\/4113","targetHints":{"allow":["GET"]}}],"collection":[{"href":"https:\/\/www.almadarig.com\/fr\/wp-json\/wp\/v2\/eventi-news"}],"about":[{"href":"https:\/\/www.almadarig.com\/fr\/wp-json\/wp\/v2\/types\/eventi-news"}],"version-history":[{"count":1,"href":"https:\/\/www.almadarig.com\/fr\/wp-json\/wp\/v2\/eventi-news\/4113\/revisions"}],"predecessor-version":[{"id":4114,"href":"https:\/\/www.almadarig.com\/fr\/wp-json\/wp\/v2\/eventi-news\/4113\/revisions\/4114"}],"wp:featuredmedia":[{"embeddable":true,"href":"https:\/\/www.almadarig.com\/fr\/wp-json\/wp\/v2\/media\/3659"}],"wp:attachment":[{"href":"https:\/\/www.almadarig.com\/fr\/wp-json\/wp\/v2\/media?parent=4113"}],"curies":[{"name":"wp","href":"https:\/\/api.w.org\/{rel}","templated":true}]}}