{"id":4088,"date":"2025-05-05T15:08:00","date_gmt":"2025-05-05T13:08:00","guid":{"rendered":"https:\/\/www.almadarig.com\/eventi-news\/15e-festival-international-du-cerf-volant\/"},"modified":"2025-05-13T09:20:36","modified_gmt":"2025-05-13T07:20:36","slug":"15e-festival-international-du-cerf-volant","status":"publish","type":"eventi-news","link":"https:\/\/www.almadarig.com\/fr\/eventi-news\/15e-festival-international-du-cerf-volant\/","title":{"rendered":"15e Festival international du cerf-volant"},"content":{"rendered":"\t\t<div data-elementor-type=\"wp-post\" data-elementor-id=\"4088\" class=\"elementor elementor-4088 elementor-3651\" data-elementor-post-type=\"eventi-news\">\n\t\t\t\t<div class=\"elementor-element elementor-element-7a7897a0 e-flex e-con-boxed e-con e-parent\" data-id=\"7a7897a0\" data-element_type=\"container\" data-e-type=\"container\">\n\t\t\t\t\t<div class=\"e-con-inner\">\n\t\t\t\t<div class=\"elementor-element elementor-element-252a2621 elementor-widget elementor-widget-text-editor\" data-id=\"252a2621\" data-element_type=\"widget\" data-e-type=\"widget\" data-widget_type=\"text-editor.default\">\n\t\t\t\t<div class=\"elementor-widget-container\">\n\t\t\t\t\t\t\t\t\t<p>Du 21 au 25 mai 2025, le ciel de San Vito Lo Capo sera rempli de couleurs et d&rsquo;\u00e9motions avec le 15e Festival international du cerf-volant ! Un \u00e9v\u00e9nement incontournable qui attire des visiteurs et des artistes du monde entier, avec des spectacles incroyables, des cerfs-volants de toutes formes et tailles, de la musique, des ateliers et de d\u00e9licieuses sp\u00e9cialit\u00e9s locales.<\/p>\n<p>Il nostro albergo, situato nella splendida Castellammare del Golfo, \u00e8 il punto di partenza ideale per godersi il festival e al tempo stesso vivere un soggiorno rilassante in uno dei borghi pi\u00f9 affascinanti della Sicilia, vi offriamo una comoda base per esplorare l\u2019evento, senza rinunciare alla tranquillit\u00e0 e alle bellezze del nostro territorio.<\/p>\n<p>Dopo una giornata emozionante al festival, potrete rilassarvi nel comfort delle nostre camere e magari concedervi una passeggiata tra le suggestive stradine di Castellammare o una cena a base di prelibatezze locali.<\/p>\n<h4>Prenotate il vostro soggiorno e vivete il Festival degli Aquiloni con un\u2019esperienza che unisce arte, natura e ospitalit\u00e0 siciliana!<\/h4>\n\t\t\t\t\t\t\t\t<\/div>\n\t\t\t\t<\/div>\n\t\t\t\t\t<\/div>\n\t\t\t\t<\/div>\n\t\t\t\t<\/div>\n\t\t","protected":false},"featured_media":3654,"template":"","meta":{"_acf_changed":false},"class_list":["post-4088","eventi-news","type-eventi-news","status-publish","has-post-thumbnail","hentry"],"acf":[],"_links":{"self":[{"href":"https:\/\/www.almadarig.com\/fr\/wp-json\/wp\/v2\/eventi-news\/4088","targetHints":{"allow":["GET"]}}],"collection":[{"href":"https:\/\/www.almadarig.com\/fr\/wp-json\/wp\/v2\/eventi-news"}],"about":[{"href":"https:\/\/www.almadarig.com\/fr\/wp-json\/wp\/v2\/types\/eventi-news"}],"version-history":[{"count":1,"href":"https:\/\/www.almadarig.com\/fr\/wp-json\/wp\/v2\/eventi-news\/4088\/revisions"}],"predecessor-version":[{"id":4089,"href":"https:\/\/www.almadarig.com\/fr\/wp-json\/wp\/v2\/eventi-news\/4088\/revisions\/4089"}],"wp:featuredmedia":[{"embeddable":true,"href":"https:\/\/www.almadarig.com\/fr\/wp-json\/wp\/v2\/media\/3654"}],"wp:attachment":[{"href":"https:\/\/www.almadarig.com\/fr\/wp-json\/wp\/v2\/media?parent=4088"}],"curies":[{"name":"wp","href":"https:\/\/api.w.org\/{rel}","templated":true}]}}