{"id":4126,"date":"2025-05-05T15:10:05","date_gmt":"2025-05-05T13:10:05","guid":{"rendered":"https:\/\/www.almadarig.com\/eventi-news\/cous-cous-fest-in-san-vito-lo-capo\/"},"modified":"2025-05-13T09:28:55","modified_gmt":"2025-05-13T07:28:55","slug":"cous-cous-fest-in-san-vito-lo-capo","status":"publish","type":"eventi-news","link":"https:\/\/www.almadarig.com\/de\/eventi-news\/cous-cous-fest-in-san-vito-lo-capo\/","title":{"rendered":"Cous-Cous-Fest in San Vito Lo Capo"},"content":{"rendered":"\t\t<div data-elementor-type=\"wp-post\" data-elementor-id=\"4126\" class=\"elementor elementor-4126 elementor-3656\" data-elementor-post-type=\"eventi-news\">\n\t\t\t\t<div class=\"elementor-element elementor-element-56e86547 e-flex e-con-boxed e-con e-parent\" data-id=\"56e86547\" data-element_type=\"container\" data-e-type=\"container\">\n\t\t\t\t\t<div class=\"e-con-inner\">\n\t\t\t\t<div class=\"elementor-element elementor-element-419db840 elementor-widget elementor-widget-text-editor\" data-id=\"419db840\" data-element_type=\"widget\" data-e-type=\"widget\" data-widget_type=\"text-editor.default\">\n\t\t\t\t<div class=\"elementor-widget-container\">\n\t\t\t\t\t\t\t\t\t<p>Das Cous Cous Fest, Internationales Festival der kulturellen Integration<br \/>ist ein Festival der Kulturen, Geschm\u00e4cker und Zivilisationen, das den Couscous als<br \/>Gericht des Friedens feiert.<\/p>\n<p>Der Protagonist der Veranstaltung ist der Cous Cous, das Gericht des armen Mannes schlechthin, das jedoch in der Lage ist, in dieser kleinen Stadt im Nordwesten Siziliens K\u00f6che aus der ganzen Welt unter dem Banner der Integration und des Austauschs zusammenzubringen.<\/p>\n<p>Zehn Tage mit spannenden gastronomischen Wettbewerben, Couscous-Verkostungen, Kochshows von Sternek\u00f6chen, Kochkursen f\u00fcr Erwachsene und Kinder, Konzerten gro\u00dfer italienischer und internationaler K\u00fcnstler, Talkshows und Momenten tiefgreifender Analysen.<\/p>\n<p>All dies in der herrlichen Umgebung von San Vito lo Capo, das mit seinem warmen Klima, seinem kristallklaren Meer und der Sch\u00f6nheit seiner Str\u00e4nde, die jedes Jahr mit wichtigen Preisen ausgezeichnet werden, der ideale Ort ist, um die angenehme Entspannung des Sommerurlaubs noch ein wenig zu verl\u00e4ngern.<\/p>\n<p>Buchen Sie Ihren Urlaub in Castellammare del Golfo, nur 45 Minuten von San Vito Lo Capo entfernt!<\/p>\n\t\t\t\t\t\t\t\t<\/div>\n\t\t\t\t<\/div>\n\t\t\t\t\t<\/div>\n\t\t\t\t<\/div>\n\t\t\t\t<\/div>\n\t\t","protected":false},"featured_media":3660,"template":"","meta":{"_acf_changed":false},"class_list":["post-4126","eventi-news","type-eventi-news","status-publish","has-post-thumbnail","hentry"],"acf":[],"_links":{"self":[{"href":"https:\/\/www.almadarig.com\/de\/wp-json\/wp\/v2\/eventi-news\/4126","targetHints":{"allow":["GET"]}}],"collection":[{"href":"https:\/\/www.almadarig.com\/de\/wp-json\/wp\/v2\/eventi-news"}],"about":[{"href":"https:\/\/www.almadarig.com\/de\/wp-json\/wp\/v2\/types\/eventi-news"}],"version-history":[{"count":1,"href":"https:\/\/www.almadarig.com\/de\/wp-json\/wp\/v2\/eventi-news\/4126\/revisions"}],"predecessor-version":[{"id":4127,"href":"https:\/\/www.almadarig.com\/de\/wp-json\/wp\/v2\/eventi-news\/4126\/revisions\/4127"}],"wp:featuredmedia":[{"embeddable":true,"href":"https:\/\/www.almadarig.com\/de\/wp-json\/wp\/v2\/media\/3660"}],"wp:attachment":[{"href":"https:\/\/www.almadarig.com\/de\/wp-json\/wp\/v2\/media?parent=4126"}],"curies":[{"name":"wp","href":"https:\/\/api.w.org\/{rel}","templated":true}]}}